{"id":41444,"date":"2026-08-31T11:35:03","date_gmt":"2026-08-31T09:35:03","guid":{"rendered":"https:\/\/sakana-mank.eus\/?p=41444"},"modified":"2026-08-31T11:51:22","modified_gmt":"2026-08-31T09:51:22","slug":"berdintasun-teknikari-lan-poltsa-osatzeko-deialdia","status":"publish","type":"post","link":"https:\/\/sakana-mank.eus\/es\/berdintasun-teknikari-lan-poltsa-osatzeko-deialdia\/","title":{"rendered":"Convocatoria para crear una bolsa de t\u00e9cnico\/a de igualdad"},"content":{"rendered":"<p><\/p>\n<div class=\"qMYqUG_convSearchResultHighlightRoot\">\n<div class=\"\" data-turn-id-container=\"request-WEB:0f6a6adb-4fa1-4be8-9785-be56885807a4-1\" data-is-intersecting=\"true\">\n<section class=\"text-token-text-primary w-full focus:outline-none has-data-writing-block:pointer-events-none [&amp;:has([data-writing-block])&gt;*]:pointer-events-auto R6Vx5W_threadScrollVars scroll-mb-[calc(var(--scroll-root-safe-area-inset-bottom,0px)+var(--thread-response-height))] scroll-mt-[calc(var(--header-height)+min(200px,max(70px,20svh)))]\" dir=\"auto\" data-turn-id=\"request-WEB:0f6a6adb-4fa1-4be8-9785-be56885807a4-1\" data-turn-id-container=\"request-WEB:0f6a6adb-4fa1-4be8-9785-be56885807a4-1\" data-testid=\"conversation-turn-4\" data-turn=\"assistant\">\n<div class=\"text-base my-auto mx-auto pb-8 [--thread-content-margin:var(--thread-content-margin-xs,calc(var(--spacing)*4))] @w-sm\/main:[--thread-content-margin:var(--thread-content-margin-sm,calc(var(--spacing)*6))] @w-lg\/main:[--thread-content-margin:var(--thread-content-margin-lg,calc(var(--spacing)*16))] px-(--thread-content-margin)\">\n<div class=\"[--thread-content-max-width:40rem] @w-lg\/main:[--thread-content-max-width:48rem] mx-auto max-w-(--thread-content-max-width) flex-1 group\/turn-messages focus-visible:outline-hidden @[53.5rem]\/main:[--thread-content-max-width:48rem] relative flex w-full min-w-0 flex-col agent-turn\" data-conversation-screenshot-content=\"\">\n<div class=\"flex max-w-full flex-col gap-4 grow\">\n<div class=\"min-h-8 text-message relative flex w-full flex-col items-end gap-2 text-start break-words whitespace-normal outline-none keyboard-focused:focus-ring [.text-message+&amp;]:mt-1\" dir=\"auto\" data-message-author-role=\"assistant\" data-message-id=\"364224c5-8755-5192-ac76-8c04d26b4f98\" data-turn-start-message=\"true\" data-message-model-slug=\"gpt-5.6-terra-wm\">\n<div class=\"flex w-full flex-col gap-1 empty:hidden\">\n<div class=\"fbskMG_root markdown prose dark:prose-invert wrap-break-word w-full light markdown-new-styling\">\n<p class=\"PDq2pG_selectionAnchorContainer\" data-start=\"665\" data-end=\"933\">Mediante Resoluci\u00f3n 365\/2026, de 28 de agosto de 2026, de la Presidencia de la Mancomunidad de Sakana, se ha aprobado una convocatoria para constituir, mediante concurso-oposici\u00f3n, <strong>una lista de aspirantes para la provisi\u00f3n temporal del puesto de t\u00e9cnico\/a de igualdad.<\/strong><\/p>\n<p data-start=\"935\" data-end=\"1170\">La bolsa se utilizar\u00e1 para cubrir vacantes, sustituciones temporales por bajas laborales, vacaciones y otras necesidades puntuales de refuerzo de los servicios de la Mancomunidad. El puesto requiere el perfil ling\u00fc\u00edstico de euskera C1.<\/p>\n<p data-start=\"1172\" data-end=\"1237\" data-is-last-node=\"\" data-is-only-node=\"\">El plazo de inscripci\u00f3n estar\u00e1 abierto hasta el 17 de septiembre.<\/p>\n<\/div>\n<\/div>\n<\/div>\n<\/div>\n<h4 class=\"z-0 flex min-h-[46px] justify-start\"><a href=\"https:\/\/sakana-mank.eus\/wp-content\/uploads\/sites\/72\/2026\/08\/Berdintasun-teknikaria-lanpoltsa-oinarriak-gaztelaniaz.pdf\">Bases de la bolsa de empleo de t\u00e9cnico\/a de igualdad<\/a><\/h4>\n<div class=\"mt-3 w-full empty:hidden has-[&gt;_:empty]:hidden\">\n<div class=\"text-center\"><\/div>\n<\/div>\n<\/div>\n<div class=\"[--thread-content-max-width:40rem] @w-lg\/main:[--thread-content-max-width:48rem] mx-auto max-w-(--thread-content-max-width) flex-1\" data-conversation-screenshot-content=\"\">\n<div><\/div>\n<\/div>\n<\/div>\n<\/section>\n<\/div>\n<\/div>\n<div class=\"pointer-events-none -mt-px h-px translate-y-(--scroll-root-safe-area-inset-bottom)\" aria-hidden=\"true\"><\/div>\n<p><\/p>","protected":false},"excerpt":{"rendered":"<p>Mediante Resoluci\u00f3n 365\/2026, de 28 de agosto de 2026, de la Presidencia de la Mancomunidad de Sakana, se ha aprobado una convocatoria para constituir, mediante concurso-oposici\u00f3n, una lista de aspirantes para la provisi\u00f3n temporal del puesto de t\u00e9cnico\/a de igualdad.&hellip; <\/p>\n","protected":false},"author":189,"featured_media":41446,"comment_status":"closed","ping_status":"closed","sticky":false,"template":"","format":"standard","meta":{"_monsterinsights_skip_tracking":false,"_monsterinsights_sitenote_active":false,"_monsterinsights_sitenote_note":"","_monsterinsights_sitenote_category":0,"footnotes":""},"categories":[6,3,18,16,15],"tags":[],"class_list":["post-41444","post","type-post","status-publish","format-standard","has-post-thumbnail","hentry","category-albiste-guztiak","category-noticias_portada","category-iragarki-ofizialak","category-lan-kontratazioak","category-albisteak_mank"],"yoast_head":"<!-- This site is optimized with the Yoast SEO plugin v26.8 - https:\/\/yoast.com\/product\/yoast-seo-wordpress\/ -->\r\n<title>Convocatoria para crear una bolsa de t\u00e9cnico\/a de igualdad - Sakanako Mankomunitatea<\/title>\r\n<meta name=\"robots\" content=\"index, follow, max-snippet:-1, max-image-preview:large, max-video-preview:-1\" \/>\r\n<link rel=\"canonical\" href=\"https:\/\/sakana-mank.eus\/es\/berdintasun-teknikari-lan-poltsa-osatzeko-deialdia\/\" \/>\r\n<meta property=\"og:locale\" content=\"es_ES\" \/>\r\n<meta property=\"og:type\" content=\"article\" \/>\r\n<meta property=\"og:title\" content=\"Convocatoria para crear una bolsa de t\u00e9cnico\/a de igualdad - Sakanako Mankomunitatea\" \/>\r\n<meta property=\"og:description\" content=\"Mediante Resoluci\u00f3n 365\/2026, de 28 de agosto de 2026, de la Presidencia de la Mancomunidad de Sakana, se ha aprobado una convocatoria para constituir, mediante concurso-oposici\u00f3n, una lista de aspirantes para la provisi\u00f3n temporal del puesto de t\u00e9cnico\/a de igualdad.&hellip;\" \/>\r\n<meta property=\"og:url\" content=\"https:\/\/sakana-mank.eus\/es\/berdintasun-teknikari-lan-poltsa-osatzeko-deialdia\/\" \/>\r\n<meta property=\"og:site_name\" content=\"Sakanako Mankomunitatea\" \/>\r\n<meta property=\"article:published_time\" content=\"2026-08-31T09:35:03+00:00\" \/>\r\n<meta property=\"article:modified_time\" content=\"2026-08-31T09:51:22+00:00\" \/>\r\n<meta property=\"og:image\" content=\"https:\/\/sakana-mank.eus\/wp-content\/uploads\/sites\/72\/2026\/08\/Mank-web-1-1.png\" \/>\r\n\t<meta property=\"og:image:width\" content=\"1018\" \/>\r\n\t<meta property=\"og:image:height\" content=\"460\" \/>\r\n\t<meta property=\"og:image:type\" content=\"image\/png\" \/>\r\n<meta name=\"author\" content=\"mankeinsausti\" \/>\r\n<meta name=\"twitter:card\" content=\"summary_large_image\" \/>\r\n<meta name=\"twitter:label1\" content=\"Escrito por\" \/>\n\t<meta name=\"twitter:data1\" content=\"mankeinsausti\" \/>\n\t<meta name=\"twitter:label2\" content=\"Tiempo de lectura\" \/>\n\t<meta name=\"twitter:data2\" content=\"1 minuto\" \/>\r\n<script type=\"application\/ld+json\" class=\"yoast-schema-graph\">{\"@context\":\"https:\/\/schema.org\",\"@graph\":[{\"@type\":\"Article\",\"@id\":\"https:\/\/sakana-mank.eus\/berdintasun-teknikari-lan-poltsa-osatzeko-deialdia\/#article\",\"isPartOf\":{\"@id\":\"https:\/\/sakana-mank.eus\/berdintasun-teknikari-lan-poltsa-osatzeko-deialdia\/\"},\"author\":{\"name\":\"mankeinsausti\",\"@id\":\"https:\/\/sakana-mank.eus\/#\/schema\/person\/7eddf194f821ee7a934c9dd923d76d34\"},\"headline\":\"Convocatoria para crear una bolsa de t\u00e9cnico\/a de igualdad\",\"datePublished\":\"2026-08-31T09:35:03+00:00\",\"dateModified\":\"2026-08-31T09:51:22+00:00\",\"mainEntityOfPage\":{\"@id\":\"https:\/\/sakana-mank.eus\/berdintasun-teknikari-lan-poltsa-osatzeko-deialdia\/\"},\"wordCount\":184,\"image\":{\"@id\":\"https:\/\/sakana-mank.eus\/berdintasun-teknikari-lan-poltsa-osatzeko-deialdia\/#primaryimage\"},\"thumbnailUrl\":\"https:\/\/sakana-mank.eus\/wp-content\/uploads\/sites\/72\/2026\/08\/Mank-web-1-1.png\",\"articleSection\":[\"Noticias\",\"Portada\",\"Anuncios Oficiales\",\"Contrataci\u00f3n Laboral\",\"Mank\"],\"inLanguage\":\"es\"},{\"@type\":\"WebPage\",\"@id\":\"https:\/\/sakana-mank.eus\/es\/berdintasun-teknikari-lan-poltsa-osatzeko-deialdia\/\",\"url\":\"https:\/\/sakana-mank.eus\/es\/berdintasun-teknikari-lan-poltsa-osatzeko-deialdia\/\",\"name\":\"Convocatoria para crear una bolsa de t\u00e9cnico\/a de igualdad - Sakanako Mankomunitatea\",\"isPartOf\":{\"@id\":\"https:\/\/sakana-mank.eus\/es\/#website\"},\"primaryImageOfPage\":{\"@id\":\"https:\/\/sakana-mank.eus\/es\/berdintasun-teknikari-lan-poltsa-osatzeko-deialdia\/#primaryimage\"},\"image\":{\"@id\":\"https:\/\/sakana-mank.eus\/berdintasun-teknikari-lan-poltsa-osatzeko-deialdia\/#primaryimage\"},\"thumbnailUrl\":\"https:\/\/sakana-mank.eus\/wp-content\/uploads\/sites\/72\/2026\/08\/Mank-web-1-1.png\",\"datePublished\":\"2026-08-31T09:35:03+00:00\",\"dateModified\":\"2026-08-31T09:51:22+00:00\",\"author\":{\"@id\":\"https:\/\/sakana-mank.eus\/#\/schema\/person\/7eddf194f821ee7a934c9dd923d76d34\"},\"breadcrumb\":{\"@id\":\"https:\/\/sakana-mank.eus\/es\/berdintasun-teknikari-lan-poltsa-osatzeko-deialdia\/#breadcrumb\"},\"inLanguage\":\"es\",\"potentialAction\":[{\"@type\":\"ReadAction\",\"target\":[[\"https:\/\/sakana-mank.eus\/es\/berdintasun-teknikari-lan-poltsa-osatzeko-deialdia\/\"]]}]},{\"@type\":\"ImageObject\",\"inLanguage\":\"es\",\"@id\":\"https:\/\/sakana-mank.eus\/es\/berdintasun-teknikari-lan-poltsa-osatzeko-deialdia\/#primaryimage\",\"url\":\"https:\/\/sakana-mank.eus\/wp-content\/uploads\/sites\/72\/2026\/08\/Mank-web-1-1.png\",\"contentUrl\":\"https:\/\/sakana-mank.eus\/wp-content\/uploads\/sites\/72\/2026\/08\/Mank-web-1-1.png\",\"width\":1018,\"height\":460},{\"@type\":\"BreadcrumbList\",\"@id\":\"https:\/\/sakana-mank.eus\/es\/berdintasun-teknikari-lan-poltsa-osatzeko-deialdia\/#breadcrumb\",\"itemListElement\":[{\"@type\":\"ListItem\",\"position\":1,\"name\":\"Portada\",\"item\":\"https:\/\/sakana-mank.eus\/es\/\"},{\"@type\":\"ListItem\",\"position\":2,\"name\":\"Berdintasun teknikari lan-poltsa osatzeko deialdia\"}]},{\"@type\":\"WebSite\",\"@id\":\"https:\/\/sakana-mank.eus\/es\/#website\",\"url\":\"https:\/\/sakana-mank.eus\/es\/\",\"name\":\"Sakanako Mankomunitatea\",\"description\":\"Sakanako Mankomunitatea\",\"potentialAction\":[{\"@type\":\"SearchAction\",\"target\":{\"@type\":\"EntryPoint\",\"urlTemplate\":\"https:\/\/sakana-mank.eus\/es\/?s={search_term_string}\"},\"query-input\":{\"@type\":\"PropertyValueSpecification\",\"valueRequired\":true,\"valueName\":\"search_term_string\"}}],\"inLanguage\":\"es\"},{\"@type\":\"Person\",\"@id\":\"https:\/\/sakana-mank.eus\/#\/schema\/person\/7eddf194f821ee7a934c9dd923d76d34\",\"name\":\"mankeinsausti\",\"image\":{\"@type\":\"ImageObject\",\"inLanguage\":\"es\",\"@id\":\"https:\/\/sakana-mank.eus\/es\/#\/schema\/person\/image\/\",\"url\":\"https:\/\/secure.gravatar.com\/avatar\/88bd3cb69fc93c34dbebd02cb9088a25fa6cceab41b81b96cfbfe7c12d1ca4ab?s=96&d=mm&r=g\",\"contentUrl\":\"https:\/\/secure.gravatar.com\/avatar\/88bd3cb69fc93c34dbebd02cb9088a25fa6cceab41b81b96cfbfe7c12d1ca4ab?s=96&d=mm&r=g\",\"caption\":\"mankeinsausti\"},\"url\":\"https:\/\/sakana-mank.eus\/es\/author\/mankeinsausti\/\"}]}<\/script>\r\n<!-- \/ Yoast SEO plugin. -->","yoast_head_json":{"title":"Convocatoria para crear una bolsa de t\u00e9cnico\/a de igualdad - Sakanako Mankomunitatea","robots":{"index":"index","follow":"follow","max-snippet":"max-snippet:-1","max-image-preview":"max-image-preview:large","max-video-preview":"max-video-preview:-1"},"canonical":"https:\/\/sakana-mank.eus\/es\/berdintasun-teknikari-lan-poltsa-osatzeko-deialdia\/","og_locale":"es_ES","og_type":"article","og_title":"Convocatoria para crear una bolsa de t\u00e9cnico\/a de igualdad - Sakanako Mankomunitatea","og_description":"Mediante Resoluci\u00f3n 365\/2026, de 28 de agosto de 2026, de la Presidencia de la Mancomunidad de Sakana, se ha aprobado una convocatoria para constituir, mediante concurso-oposici\u00f3n, una lista de aspirantes para la provisi\u00f3n temporal del puesto de t\u00e9cnico\/a de igualdad.&hellip;","og_url":"https:\/\/sakana-mank.eus\/es\/berdintasun-teknikari-lan-poltsa-osatzeko-deialdia\/","og_site_name":"Sakanako Mankomunitatea","article_published_time":"2026-08-31T09:35:03+00:00","article_modified_time":"2026-08-31T09:51:22+00:00","og_image":[{"width":1018,"height":460,"url":"https:\/\/sakana-mank.eus\/wp-content\/uploads\/sites\/72\/2026\/08\/Mank-web-1-1.png","type":"image\/png"}],"author":"mankeinsausti","twitter_card":"summary_large_image","twitter_misc":{"Escrito por":"mankeinsausti","Tiempo de lectura":"1 minuto"},"schema":{"@context":"https:\/\/schema.org","@graph":[{"@type":"Article","@id":"https:\/\/sakana-mank.eus\/berdintasun-teknikari-lan-poltsa-osatzeko-deialdia\/#article","isPartOf":{"@id":"https:\/\/sakana-mank.eus\/berdintasun-teknikari-lan-poltsa-osatzeko-deialdia\/"},"author":{"name":"mankeinsausti","@id":"https:\/\/sakana-mank.eus\/#\/schema\/person\/7eddf194f821ee7a934c9dd923d76d34"},"headline":"Convocatoria para crear una bolsa de t\u00e9cnico\/a de igualdad","datePublished":"2026-08-31T09:35:03+00:00","dateModified":"2026-08-31T09:51:22+00:00","mainEntityOfPage":{"@id":"https:\/\/sakana-mank.eus\/berdintasun-teknikari-lan-poltsa-osatzeko-deialdia\/"},"wordCount":184,"image":{"@id":"https:\/\/sakana-mank.eus\/berdintasun-teknikari-lan-poltsa-osatzeko-deialdia\/#primaryimage"},"thumbnailUrl":"https:\/\/sakana-mank.eus\/wp-content\/uploads\/sites\/72\/2026\/08\/Mank-web-1-1.png","articleSection":["Noticias","Portada","Anuncios Oficiales","Contrataci\u00f3n Laboral","Mank"],"inLanguage":"es"},{"@type":"WebPage","@id":"https:\/\/sakana-mank.eus\/es\/berdintasun-teknikari-lan-poltsa-osatzeko-deialdia\/","url":"https:\/\/sakana-mank.eus\/es\/berdintasun-teknikari-lan-poltsa-osatzeko-deialdia\/","name":"Convocatoria para crear una bolsa de t\u00e9cnico\/a de igualdad - Sakanako Mankomunitatea","isPartOf":{"@id":"https:\/\/sakana-mank.eus\/es\/#website"},"primaryImageOfPage":{"@id":"https:\/\/sakana-mank.eus\/es\/berdintasun-teknikari-lan-poltsa-osatzeko-deialdia\/#primaryimage"},"image":{"@id":"https:\/\/sakana-mank.eus\/berdintasun-teknikari-lan-poltsa-osatzeko-deialdia\/#primaryimage"},"thumbnailUrl":"https:\/\/sakana-mank.eus\/wp-content\/uploads\/sites\/72\/2026\/08\/Mank-web-1-1.png","datePublished":"2026-08-31T09:35:03+00:00","dateModified":"2026-08-31T09:51:22+00:00","author":{"@id":"https:\/\/sakana-mank.eus\/#\/schema\/person\/7eddf194f821ee7a934c9dd923d76d34"},"breadcrumb":{"@id":"https:\/\/sakana-mank.eus\/es\/berdintasun-teknikari-lan-poltsa-osatzeko-deialdia\/#breadcrumb"},"inLanguage":"es","potentialAction":[{"@type":"ReadAction","target":[["https:\/\/sakana-mank.eus\/es\/berdintasun-teknikari-lan-poltsa-osatzeko-deialdia\/"]]}]},{"@type":"ImageObject","inLanguage":"es","@id":"https:\/\/sakana-mank.eus\/es\/berdintasun-teknikari-lan-poltsa-osatzeko-deialdia\/#primaryimage","url":"https:\/\/sakana-mank.eus\/wp-content\/uploads\/sites\/72\/2026\/08\/Mank-web-1-1.png","contentUrl":"https:\/\/sakana-mank.eus\/wp-content\/uploads\/sites\/72\/2026\/08\/Mank-web-1-1.png","width":1018,"height":460},{"@type":"BreadcrumbList","@id":"https:\/\/sakana-mank.eus\/es\/berdintasun-teknikari-lan-poltsa-osatzeko-deialdia\/#breadcrumb","itemListElement":[{"@type":"ListItem","position":1,"name":"Portada","item":"https:\/\/sakana-mank.eus\/es\/"},{"@type":"ListItem","position":2,"name":"Berdintasun teknikari lan-poltsa osatzeko deialdia"}]},{"@type":"WebSite","@id":"https:\/\/sakana-mank.eus\/es\/#website","url":"https:\/\/sakana-mank.eus\/es\/","name":"Sakanako Mankomunitatea","description":"Sakanako Mankomunitatea","potentialAction":[{"@type":"SearchAction","target":{"@type":"EntryPoint","urlTemplate":"https:\/\/sakana-mank.eus\/es\/?s={search_term_string}"},"query-input":{"@type":"PropertyValueSpecification","valueRequired":true,"valueName":"search_term_string"}}],"inLanguage":"es"},{"@type":"Person","@id":"https:\/\/sakana-mank.eus\/#\/schema\/person\/7eddf194f821ee7a934c9dd923d76d34","name":"mankeinsausti","image":{"@type":"ImageObject","inLanguage":"es","@id":"https:\/\/sakana-mank.eus\/es\/#\/schema\/person\/image\/","url":"https:\/\/secure.gravatar.com\/avatar\/88bd3cb69fc93c34dbebd02cb9088a25fa6cceab41b81b96cfbfe7c12d1ca4ab?s=96&d=mm&r=g","contentUrl":"https:\/\/secure.gravatar.com\/avatar\/88bd3cb69fc93c34dbebd02cb9088a25fa6cceab41b81b96cfbfe7c12d1ca4ab?s=96&d=mm&r=g","caption":"mankeinsausti"},"url":"https:\/\/sakana-mank.eus\/es\/author\/mankeinsausti\/"}]}},"_links":{"self":[{"href":"https:\/\/sakana-mank.eus\/es\/wp-json\/wp\/v2\/posts\/41444","targetHints":{"allow":["GET"]}}],"collection":[{"href":"https:\/\/sakana-mank.eus\/es\/wp-json\/wp\/v2\/posts"}],"about":[{"href":"https:\/\/sakana-mank.eus\/es\/wp-json\/wp\/v2\/types\/post"}],"author":[{"embeddable":true,"href":"https:\/\/sakana-mank.eus\/es\/wp-json\/wp\/v2\/users\/189"}],"replies":[{"embeddable":true,"href":"https:\/\/sakana-mank.eus\/es\/wp-json\/wp\/v2\/comments?post=41444"}],"version-history":[{"count":3,"href":"https:\/\/sakana-mank.eus\/es\/wp-json\/wp\/v2\/posts\/41444\/revisions"}],"predecessor-version":[{"id":41451,"href":"https:\/\/sakana-mank.eus\/es\/wp-json\/wp\/v2\/posts\/41444\/revisions\/41451"}],"wp:featuredmedia":[{"embeddable":true,"href":"https:\/\/sakana-mank.eus\/es\/wp-json\/wp\/v2\/media\/41446"}],"wp:attachment":[{"href":"https:\/\/sakana-mank.eus\/es\/wp-json\/wp\/v2\/media?parent=41444"}],"wp:term":[{"taxonomy":"category","embeddable":true,"href":"https:\/\/sakana-mank.eus\/es\/wp-json\/wp\/v2\/categories?post=41444"},{"taxonomy":"post_tag","embeddable":true,"href":"https:\/\/sakana-mank.eus\/es\/wp-json\/wp\/v2\/tags?post=41444"}],"curies":[{"name":"wp","href":"https:\/\/api.w.org\/{rel}","templated":true}]}}