{"id":41475,"date":"2026-09-02T11:18:22","date_gmt":"2026-09-02T09:18:22","guid":{"rendered":"https:\/\/sakana-mank.eus\/?p=41475"},"modified":"2026-09-02T11:22:37","modified_gmt":"2026-09-02T09:22:37","slug":"irurtzungo-garbigune-finkoaren-irekiera","status":"publish","type":"post","link":"https:\/\/sakana-mank.eus\/es\/irurtzungo-garbigune-finkoaren-irekiera\/","title":{"rendered":"Apertura del punto limpio fijo de Irurtzun"},"content":{"rendered":"<p>La Mancomunidad de Sakana abrir\u00e1 el punto limpio de Irurtzun el 14 de septiembre. En \u00e9l, las personas residentes en Sakana podr\u00e1n gestionar sus residuos especiales dom\u00e9sticos.<\/p>\n<p>Los residuos especiales son aquellos que no pueden ser recogidos por un cami\u00f3n, bien por su peligrosidad, bien porque pueden romper el mecanismo del cami\u00f3n o porque est\u00e1 prohibido por ley.<\/p>\n<p>Con este punto limpio se ampliar\u00e1 la Red de puntos limpios de Sakana, formada por los puntos limpios fijos\u00a0 ubicados en Arbizu y Altsasu, y el punto limpio m\u00f3vil que se desplaza por todas las localidades de la comarca.<\/p>\n<p><img loading=\"lazy\" decoding=\"async\" class=\"size-medium wp-image-41473 alignleft\" src=\"https:\/\/sakana-mank.eus\/wp-content\/uploads\/sites\/72\/2026\/09\/WhatsApp-Image-2026-09-02-at-09.38.17-2-300x225.jpeg\" alt=\"\" width=\"300\" height=\"225\" srcset=\"https:\/\/sakana-mank.eus\/wp-content\/uploads\/sites\/72\/2026\/09\/WhatsApp-Image-2026-09-02-at-09.38.17-2-300x225.jpeg 300w, https:\/\/sakana-mank.eus\/wp-content\/uploads\/sites\/72\/2026\/09\/WhatsApp-Image-2026-09-02-at-09.38.17-2-1024x768.jpeg 1024w, https:\/\/sakana-mank.eus\/wp-content\/uploads\/sites\/72\/2026\/09\/WhatsApp-Image-2026-09-02-at-09.38.17-2-768x576.jpeg 768w, https:\/\/sakana-mank.eus\/wp-content\/uploads\/sites\/72\/2026\/09\/WhatsApp-Image-2026-09-02-at-09.38.17-2-1536x1152.jpeg 1536w, https:\/\/sakana-mank.eus\/wp-content\/uploads\/sites\/72\/2026\/09\/WhatsApp-Image-2026-09-02-at-09.38.17-2.jpeg 2040w\" sizes=\"auto, (max-width: 300px) 100vw, 300px\" \/><\/p>\n<p>Este punto limpio ser\u00e1 una nueva herramienta para que Sakana siga siendo la mancomunidad que m\u00e1s recicla en Navarra, al tiempo que ofrecer\u00e1 la oportunidad de dar soluci\u00f3n al vertido ilegal de residuos que se produce en distintos puntos de las localidades del valle.<\/p>\n<p>El horario de apertura ser\u00e1 lunes, mi\u00e9rcoles y viernes de 9:00 a 14:30 y martes y jueves de 13:00 a 18:30. En la instalaci\u00f3n, personal de la mancomunidad explicar\u00e1 d\u00f3nde se pueden depositar los diferentes tipos de residuos. Se puede ir al punto limpio en coche o a pie.<\/p>\n<p>No se admitir\u00e1n residuos especiales industriales, ya que \u00e9stos son residuos que deben gestionarse a trav\u00e9s de un gestor privado.<\/p>\n<p>Para cualquier consulta sobre los puntos limpios, se puede llamar al tel\u00e9fono gratuito 900 730 450 o escribir a <a href=\"mailto:info.hondakinak@sakana-mank.eus\">info.hondakinak@sakana-mank.eus<\/a><\/p>\n<p><img loading=\"lazy\" decoding=\"async\" class=\"size-medium wp-image-41474 alignright\" src=\"https:\/\/sakana-mank.eus\/wp-content\/uploads\/sites\/72\/2026\/09\/WhatsApp-Image-2026-09-02-at-09.38.19-5-300x225.jpeg\" alt=\"\" width=\"300\" height=\"225\" srcset=\"https:\/\/sakana-mank.eus\/wp-content\/uploads\/sites\/72\/2026\/09\/WhatsApp-Image-2026-09-02-at-09.38.19-5-300x225.jpeg 300w, https:\/\/sakana-mank.eus\/wp-content\/uploads\/sites\/72\/2026\/09\/WhatsApp-Image-2026-09-02-at-09.38.19-5-1024x768.jpeg 1024w, https:\/\/sakana-mank.eus\/wp-content\/uploads\/sites\/72\/2026\/09\/WhatsApp-Image-2026-09-02-at-09.38.19-5-768x576.jpeg 768w, https:\/\/sakana-mank.eus\/wp-content\/uploads\/sites\/72\/2026\/09\/WhatsApp-Image-2026-09-02-at-09.38.19-5-1536x1152.jpeg 1536w, https:\/\/sakana-mank.eus\/wp-content\/uploads\/sites\/72\/2026\/09\/WhatsApp-Image-2026-09-02-at-09.38.19-5.jpeg 2040w\" sizes=\"auto, (max-width: 300px) 100vw, 300px\" \/><\/p>\n<p><b>\u00bf Qu\u00e9 se puede llevar?<\/b><\/p>\n<ul>\n<li><b>Podas<\/b>: ramas, palos y recortes de setos.<\/li>\n<li><b>Restos de obra menor<\/b>: ladrillos, piedras, hormig\u00f3n y cer\u00e1mica. M\u00e1ximo 2m3.<\/li>\n<li><b>Madera<\/b>: pal\u00e9s, marcos, suelos y muebles rotos.<\/li>\n<li><b>Peque\u00f1os equipos el\u00e9ctricos<\/b>: m\u00f3viles, cables, juguetes el\u00e9ctricos, monitores, relojes.<\/li>\n<li><b>Aceite usado de cocina<\/b>. Usar envases de pl\u00e1stico para echar el aceite.<\/li>\n<li><b>Pilas:<\/b> alcalinas, pilas de bot\u00f3n y bater\u00edas sin plomo.<\/li>\n<li><b>Filtros de aire<\/b><\/li>\n<li><b>Bater\u00edas <\/b>: bater\u00edas que contienen plomo.<\/li>\n<li><b>Textiles<\/b>: ropa, calzado, bolsos, cortinas, alfombras, mantas y s\u00e1banas.<\/li>\n<li><b>Fitosanitarios<\/b><\/li>\n<li><b>Iluminaci\u00f3n<\/b>: LED, bombillas de bajo consumo y fluorescentes<\/li>\n<li><b>Combustibles<\/b>: gasoil y gasolina. M\u00e1ximo garrafas de 5 litros.<\/li>\n<li><b>Anticongelante<\/b>: M\u00e1ximo garrafas de 5 litros.<\/li>\n<li><b>Productos de laboratorio<\/b>: mercurio de term\u00f3metros y sosa c\u00e1ustica.<\/li>\n<li><b>Pintura y barn\u00edz<\/b>: barn\u00edz, todo tipo de pinturas y tintes.<\/li>\n<li><b>Radiografias<\/b><\/li>\n<li><b>Aceite de motor. <\/b>M\u00e1ximo garrafas de 5 litros.<\/li>\n<li><b>Titos<\/b>: cazuelas, sartenes, juguetes, libros, cuadros, decoraci\u00f3n, maletas\u2026<\/li>\n<li><b>Chatarra<\/b>: objetos y piezas met\u00e1licas.<\/li>\n<li><b>Voluminosos<\/b>: lavadoras, sofas, armarios, frigor\u00edficos, estanter\u00edas, camas, colchones, otros muebles.<\/li>\n<li><b>Monitores<\/b>: pantallas PC y TV.<\/li>\n<li><b>T\u00f3neres<\/b>: cartuchos de tinta y t\u00f3neres de impresi\u00f3n.<\/li>\n<li><strong>C\u00e1psulas de caf\u00e9.<\/strong><\/li>\n<\/ul>\n<p><img loading=\"lazy\" decoding=\"async\" class=\"size-medium wp-image-41472 alignright\" src=\"https:\/\/sakana-mank.eus\/wp-content\/uploads\/sites\/72\/2026\/09\/WhatsApp-Image-2026-09-02-at-09.38.01-300x226.jpeg\" alt=\"\" width=\"300\" height=\"226\" srcset=\"https:\/\/sakana-mank.eus\/wp-content\/uploads\/sites\/72\/2026\/09\/WhatsApp-Image-2026-09-02-at-09.38.01-300x226.jpeg 300w, https:\/\/sakana-mank.eus\/wp-content\/uploads\/sites\/72\/2026\/09\/WhatsApp-Image-2026-09-02-at-09.38.01-1024x771.jpeg 1024w, https:\/\/sakana-mank.eus\/wp-content\/uploads\/sites\/72\/2026\/09\/WhatsApp-Image-2026-09-02-at-09.38.01-768x578.jpeg 768w, https:\/\/sakana-mank.eus\/wp-content\/uploads\/sites\/72\/2026\/09\/WhatsApp-Image-2026-09-02-at-09.38.01-1536x1157.jpeg 1536w, https:\/\/sakana-mank.eus\/wp-content\/uploads\/sites\/72\/2026\/09\/WhatsApp-Image-2026-09-02-at-09.38.01.jpeg 2040w\" sizes=\"auto, (max-width: 300px) 100vw, 300px\" \/><\/p>\n<p>La construcci\u00f3n y equipamiento del punto limpio ha tenido un coste de 499.908,42 euros y ha sido financiado con fondos europeos Next Generation a trav\u00e9s del Plan de Recuperaci\u00f3n, Transformaci\u00f3n y Resiliencia del Ministerio para la Transici\u00f3n Ecol\u00f3gica y el Reto Demogr\u00e1fico.<\/p>","protected":false},"excerpt":{"rendered":"<p>La Mancomunidad de Sakana abrir\u00e1 el punto limpio de Irurtzun el 14 de septiembre. En \u00e9l, las personas residentes en Sakana podr\u00e1n gestionar sus residuos especiales dom\u00e9sticos. Los residuos especiales son aquellos que no pueden ser recogidos por un cami\u00f3n,&hellip; <\/p>\n","protected":false},"author":189,"featured_media":41474,"comment_status":"closed","ping_status":"closed","sticky":false,"template":"","format":"standard","meta":{"_monsterinsights_skip_tracking":false,"_monsterinsights_sitenote_active":false,"_monsterinsights_sitenote_note":"","_monsterinsights_sitenote_category":0,"footnotes":""},"categories":[6,3,8,1],"tags":[],"class_list":["post-41475","post","type-post","status-publish","format-standard","has-post-thumbnail","hentry","category-albiste-guztiak","category-noticias_portada","category-albisteak-hondakinak","category-kategoria-gabea"],"yoast_head":"<!-- This site is optimized with the Yoast SEO plugin v26.8 - https:\/\/yoast.com\/product\/yoast-seo-wordpress\/ -->\r\n<title>Apertura del punto limpio fijo de Irurtzun - Sakanako Mankomunitatea<\/title>\r\n<meta name=\"robots\" content=\"index, follow, max-snippet:-1, max-image-preview:large, max-video-preview:-1\" \/>\r\n<link rel=\"canonical\" href=\"https:\/\/sakana-mank.eus\/es\/irurtzungo-garbigune-finkoaren-irekiera\/\" \/>\r\n<meta property=\"og:locale\" content=\"es_ES\" \/>\r\n<meta property=\"og:type\" content=\"article\" \/>\r\n<meta property=\"og:title\" content=\"Apertura del punto limpio fijo de Irurtzun - Sakanako Mankomunitatea\" \/>\r\n<meta property=\"og:description\" content=\"La Mancomunidad de Sakana abrir\u00e1 el punto limpio de Irurtzun el 14 de septiembre. En \u00e9l, las personas residentes en Sakana podr\u00e1n gestionar sus residuos especiales dom\u00e9sticos. Los residuos especiales son aquellos que no pueden ser recogidos por un cami\u00f3n,&hellip;\" \/>\r\n<meta property=\"og:url\" content=\"https:\/\/sakana-mank.eus\/es\/irurtzungo-garbigune-finkoaren-irekiera\/\" \/>\r\n<meta property=\"og:site_name\" content=\"Sakanako Mankomunitatea\" \/>\r\n<meta property=\"article:published_time\" content=\"2026-09-02T09:18:22+00:00\" \/>\r\n<meta property=\"article:modified_time\" content=\"2026-09-02T09:22:37+00:00\" \/>\r\n<meta property=\"og:image\" content=\"https:\/\/sakana-mank.eus\/wp-content\/uploads\/sites\/72\/2026\/09\/WhatsApp-Image-2026-09-02-at-09.38.19-5.jpeg\" \/>\r\n\t<meta property=\"og:image:width\" content=\"2040\" \/>\r\n\t<meta property=\"og:image:height\" content=\"1530\" \/>\r\n\t<meta property=\"og:image:type\" content=\"image\/jpeg\" \/>\r\n<meta name=\"author\" content=\"mankeinsausti\" \/>\r\n<meta name=\"twitter:card\" content=\"summary_large_image\" \/>\r\n<meta name=\"twitter:label1\" content=\"Escrito por\" \/>\n\t<meta name=\"twitter:data1\" content=\"mankeinsausti\" \/>\n\t<meta name=\"twitter:label2\" content=\"Tiempo de lectura\" \/>\n\t<meta name=\"twitter:data2\" content=\"4 minutos\" \/>\r\n<script type=\"application\/ld+json\" class=\"yoast-schema-graph\">{\"@context\":\"https:\/\/schema.org\",\"@graph\":[{\"@type\":\"Article\",\"@id\":\"https:\/\/sakana-mank.eus\/irurtzungo-garbigune-finkoaren-irekiera\/#article\",\"isPartOf\":{\"@id\":\"https:\/\/sakana-mank.eus\/irurtzungo-garbigune-finkoaren-irekiera\/\"},\"author\":{\"name\":\"mankeinsausti\",\"@id\":\"https:\/\/sakana-mank.eus\/#\/schema\/person\/7eddf194f821ee7a934c9dd923d76d34\"},\"headline\":\"Apertura del punto limpio fijo de Irurtzun\",\"datePublished\":\"2026-09-02T09:18:22+00:00\",\"dateModified\":\"2026-09-02T09:22:37+00:00\",\"mainEntityOfPage\":{\"@id\":\"https:\/\/sakana-mank.eus\/irurtzungo-garbigune-finkoaren-irekiera\/\"},\"wordCount\":835,\"image\":{\"@id\":\"https:\/\/sakana-mank.eus\/irurtzungo-garbigune-finkoaren-irekiera\/#primaryimage\"},\"thumbnailUrl\":\"https:\/\/sakana-mank.eus\/wp-content\/uploads\/sites\/72\/2026\/09\/WhatsApp-Image-2026-09-02-at-09.38.19-5.jpeg\",\"articleSection\":[\"Noticias\",\"Portada\",\"Residuos\",\"kategoria gabea\"],\"inLanguage\":\"es\"},{\"@type\":\"WebPage\",\"@id\":\"https:\/\/sakana-mank.eus\/es\/irurtzungo-garbigune-finkoaren-irekiera\/\",\"url\":\"https:\/\/sakana-mank.eus\/es\/irurtzungo-garbigune-finkoaren-irekiera\/\",\"name\":\"Apertura del punto limpio fijo de Irurtzun - Sakanako Mankomunitatea\",\"isPartOf\":{\"@id\":\"https:\/\/sakana-mank.eus\/es\/#website\"},\"primaryImageOfPage\":{\"@id\":\"https:\/\/sakana-mank.eus\/es\/irurtzungo-garbigune-finkoaren-irekiera\/#primaryimage\"},\"image\":{\"@id\":\"https:\/\/sakana-mank.eus\/irurtzungo-garbigune-finkoaren-irekiera\/#primaryimage\"},\"thumbnailUrl\":\"https:\/\/sakana-mank.eus\/wp-content\/uploads\/sites\/72\/2026\/09\/WhatsApp-Image-2026-09-02-at-09.38.19-5.jpeg\",\"datePublished\":\"2026-09-02T09:18:22+00:00\",\"dateModified\":\"2026-09-02T09:22:37+00:00\",\"author\":{\"@id\":\"https:\/\/sakana-mank.eus\/#\/schema\/person\/7eddf194f821ee7a934c9dd923d76d34\"},\"breadcrumb\":{\"@id\":\"https:\/\/sakana-mank.eus\/es\/irurtzungo-garbigune-finkoaren-irekiera\/#breadcrumb\"},\"inLanguage\":\"es\",\"potentialAction\":[{\"@type\":\"ReadAction\",\"target\":[[\"https:\/\/sakana-mank.eus\/es\/irurtzungo-garbigune-finkoaren-irekiera\/\"]]}]},{\"@type\":\"ImageObject\",\"inLanguage\":\"es\",\"@id\":\"https:\/\/sakana-mank.eus\/es\/irurtzungo-garbigune-finkoaren-irekiera\/#primaryimage\",\"url\":\"https:\/\/sakana-mank.eus\/wp-content\/uploads\/sites\/72\/2026\/09\/WhatsApp-Image-2026-09-02-at-09.38.19-5.jpeg\",\"contentUrl\":\"https:\/\/sakana-mank.eus\/wp-content\/uploads\/sites\/72\/2026\/09\/WhatsApp-Image-2026-09-02-at-09.38.19-5.jpeg\",\"width\":2040,\"height\":1530},{\"@type\":\"BreadcrumbList\",\"@id\":\"https:\/\/sakana-mank.eus\/es\/irurtzungo-garbigune-finkoaren-irekiera\/#breadcrumb\",\"itemListElement\":[{\"@type\":\"ListItem\",\"position\":1,\"name\":\"Portada\",\"item\":\"https:\/\/sakana-mank.eus\/es\/\"},{\"@type\":\"ListItem\",\"position\":2,\"name\":\"Irurtzungo garbigune finkoaren irekiera\"}]},{\"@type\":\"WebSite\",\"@id\":\"https:\/\/sakana-mank.eus\/es\/#website\",\"url\":\"https:\/\/sakana-mank.eus\/es\/\",\"name\":\"Sakanako Mankomunitatea\",\"description\":\"Sakanako Mankomunitatea\",\"potentialAction\":[{\"@type\":\"SearchAction\",\"target\":{\"@type\":\"EntryPoint\",\"urlTemplate\":\"https:\/\/sakana-mank.eus\/es\/?s={search_term_string}\"},\"query-input\":{\"@type\":\"PropertyValueSpecification\",\"valueRequired\":true,\"valueName\":\"search_term_string\"}}],\"inLanguage\":\"es\"},{\"@type\":\"Person\",\"@id\":\"https:\/\/sakana-mank.eus\/#\/schema\/person\/7eddf194f821ee7a934c9dd923d76d34\",\"name\":\"mankeinsausti\",\"image\":{\"@type\":\"ImageObject\",\"inLanguage\":\"es\",\"@id\":\"https:\/\/sakana-mank.eus\/es\/#\/schema\/person\/image\/\",\"url\":\"https:\/\/secure.gravatar.com\/avatar\/88bd3cb69fc93c34dbebd02cb9088a25fa6cceab41b81b96cfbfe7c12d1ca4ab?s=96&d=mm&r=g\",\"contentUrl\":\"https:\/\/secure.gravatar.com\/avatar\/88bd3cb69fc93c34dbebd02cb9088a25fa6cceab41b81b96cfbfe7c12d1ca4ab?s=96&d=mm&r=g\",\"caption\":\"mankeinsausti\"},\"url\":\"https:\/\/sakana-mank.eus\/es\/author\/mankeinsausti\/\"}]}<\/script>\r\n<!-- \/ Yoast SEO plugin. -->","yoast_head_json":{"title":"Apertura del punto limpio fijo de Irurtzun - Sakanako Mankomunitatea","robots":{"index":"index","follow":"follow","max-snippet":"max-snippet:-1","max-image-preview":"max-image-preview:large","max-video-preview":"max-video-preview:-1"},"canonical":"https:\/\/sakana-mank.eus\/es\/irurtzungo-garbigune-finkoaren-irekiera\/","og_locale":"es_ES","og_type":"article","og_title":"Apertura del punto limpio fijo de Irurtzun - Sakanako Mankomunitatea","og_description":"La Mancomunidad de Sakana abrir\u00e1 el punto limpio de Irurtzun el 14 de septiembre. En \u00e9l, las personas residentes en Sakana podr\u00e1n gestionar sus residuos especiales dom\u00e9sticos. Los residuos especiales son aquellos que no pueden ser recogidos por un cami\u00f3n,&hellip;","og_url":"https:\/\/sakana-mank.eus\/es\/irurtzungo-garbigune-finkoaren-irekiera\/","og_site_name":"Sakanako Mankomunitatea","article_published_time":"2026-09-02T09:18:22+00:00","article_modified_time":"2026-09-02T09:22:37+00:00","og_image":[{"width":2040,"height":1530,"url":"https:\/\/sakana-mank.eus\/wp-content\/uploads\/sites\/72\/2026\/09\/WhatsApp-Image-2026-09-02-at-09.38.19-5.jpeg","type":"image\/jpeg"}],"author":"mankeinsausti","twitter_card":"summary_large_image","twitter_misc":{"Escrito por":"mankeinsausti","Tiempo de lectura":"4 minutos"},"schema":{"@context":"https:\/\/schema.org","@graph":[{"@type":"Article","@id":"https:\/\/sakana-mank.eus\/irurtzungo-garbigune-finkoaren-irekiera\/#article","isPartOf":{"@id":"https:\/\/sakana-mank.eus\/irurtzungo-garbigune-finkoaren-irekiera\/"},"author":{"name":"mankeinsausti","@id":"https:\/\/sakana-mank.eus\/#\/schema\/person\/7eddf194f821ee7a934c9dd923d76d34"},"headline":"Apertura del punto limpio fijo de Irurtzun","datePublished":"2026-09-02T09:18:22+00:00","dateModified":"2026-09-02T09:22:37+00:00","mainEntityOfPage":{"@id":"https:\/\/sakana-mank.eus\/irurtzungo-garbigune-finkoaren-irekiera\/"},"wordCount":835,"image":{"@id":"https:\/\/sakana-mank.eus\/irurtzungo-garbigune-finkoaren-irekiera\/#primaryimage"},"thumbnailUrl":"https:\/\/sakana-mank.eus\/wp-content\/uploads\/sites\/72\/2026\/09\/WhatsApp-Image-2026-09-02-at-09.38.19-5.jpeg","articleSection":["Noticias","Portada","Residuos","kategoria gabea"],"inLanguage":"es"},{"@type":"WebPage","@id":"https:\/\/sakana-mank.eus\/es\/irurtzungo-garbigune-finkoaren-irekiera\/","url":"https:\/\/sakana-mank.eus\/es\/irurtzungo-garbigune-finkoaren-irekiera\/","name":"Apertura del punto limpio fijo de Irurtzun - Sakanako Mankomunitatea","isPartOf":{"@id":"https:\/\/sakana-mank.eus\/es\/#website"},"primaryImageOfPage":{"@id":"https:\/\/sakana-mank.eus\/es\/irurtzungo-garbigune-finkoaren-irekiera\/#primaryimage"},"image":{"@id":"https:\/\/sakana-mank.eus\/irurtzungo-garbigune-finkoaren-irekiera\/#primaryimage"},"thumbnailUrl":"https:\/\/sakana-mank.eus\/wp-content\/uploads\/sites\/72\/2026\/09\/WhatsApp-Image-2026-09-02-at-09.38.19-5.jpeg","datePublished":"2026-09-02T09:18:22+00:00","dateModified":"2026-09-02T09:22:37+00:00","author":{"@id":"https:\/\/sakana-mank.eus\/#\/schema\/person\/7eddf194f821ee7a934c9dd923d76d34"},"breadcrumb":{"@id":"https:\/\/sakana-mank.eus\/es\/irurtzungo-garbigune-finkoaren-irekiera\/#breadcrumb"},"inLanguage":"es","potentialAction":[{"@type":"ReadAction","target":[["https:\/\/sakana-mank.eus\/es\/irurtzungo-garbigune-finkoaren-irekiera\/"]]}]},{"@type":"ImageObject","inLanguage":"es","@id":"https:\/\/sakana-mank.eus\/es\/irurtzungo-garbigune-finkoaren-irekiera\/#primaryimage","url":"https:\/\/sakana-mank.eus\/wp-content\/uploads\/sites\/72\/2026\/09\/WhatsApp-Image-2026-09-02-at-09.38.19-5.jpeg","contentUrl":"https:\/\/sakana-mank.eus\/wp-content\/uploads\/sites\/72\/2026\/09\/WhatsApp-Image-2026-09-02-at-09.38.19-5.jpeg","width":2040,"height":1530},{"@type":"BreadcrumbList","@id":"https:\/\/sakana-mank.eus\/es\/irurtzungo-garbigune-finkoaren-irekiera\/#breadcrumb","itemListElement":[{"@type":"ListItem","position":1,"name":"Portada","item":"https:\/\/sakana-mank.eus\/es\/"},{"@type":"ListItem","position":2,"name":"Irurtzungo garbigune finkoaren irekiera"}]},{"@type":"WebSite","@id":"https:\/\/sakana-mank.eus\/es\/#website","url":"https:\/\/sakana-mank.eus\/es\/","name":"Sakanako Mankomunitatea","description":"Sakanako Mankomunitatea","potentialAction":[{"@type":"SearchAction","target":{"@type":"EntryPoint","urlTemplate":"https:\/\/sakana-mank.eus\/es\/?s={search_term_string}"},"query-input":{"@type":"PropertyValueSpecification","valueRequired":true,"valueName":"search_term_string"}}],"inLanguage":"es"},{"@type":"Person","@id":"https:\/\/sakana-mank.eus\/#\/schema\/person\/7eddf194f821ee7a934c9dd923d76d34","name":"mankeinsausti","image":{"@type":"ImageObject","inLanguage":"es","@id":"https:\/\/sakana-mank.eus\/es\/#\/schema\/person\/image\/","url":"https:\/\/secure.gravatar.com\/avatar\/88bd3cb69fc93c34dbebd02cb9088a25fa6cceab41b81b96cfbfe7c12d1ca4ab?s=96&d=mm&r=g","contentUrl":"https:\/\/secure.gravatar.com\/avatar\/88bd3cb69fc93c34dbebd02cb9088a25fa6cceab41b81b96cfbfe7c12d1ca4ab?s=96&d=mm&r=g","caption":"mankeinsausti"},"url":"https:\/\/sakana-mank.eus\/es\/author\/mankeinsausti\/"}]}},"_links":{"self":[{"href":"https:\/\/sakana-mank.eus\/es\/wp-json\/wp\/v2\/posts\/41475","targetHints":{"allow":["GET"]}}],"collection":[{"href":"https:\/\/sakana-mank.eus\/es\/wp-json\/wp\/v2\/posts"}],"about":[{"href":"https:\/\/sakana-mank.eus\/es\/wp-json\/wp\/v2\/types\/post"}],"author":[{"embeddable":true,"href":"https:\/\/sakana-mank.eus\/es\/wp-json\/wp\/v2\/users\/189"}],"replies":[{"embeddable":true,"href":"https:\/\/sakana-mank.eus\/es\/wp-json\/wp\/v2\/comments?post=41475"}],"version-history":[{"count":2,"href":"https:\/\/sakana-mank.eus\/es\/wp-json\/wp\/v2\/posts\/41475\/revisions"}],"predecessor-version":[{"id":41477,"href":"https:\/\/sakana-mank.eus\/es\/wp-json\/wp\/v2\/posts\/41475\/revisions\/41477"}],"wp:featuredmedia":[{"embeddable":true,"href":"https:\/\/sakana-mank.eus\/es\/wp-json\/wp\/v2\/media\/41474"}],"wp:attachment":[{"href":"https:\/\/sakana-mank.eus\/es\/wp-json\/wp\/v2\/media?parent=41475"}],"wp:term":[{"taxonomy":"category","embeddable":true,"href":"https:\/\/sakana-mank.eus\/es\/wp-json\/wp\/v2\/categories?post=41475"},{"taxonomy":"post_tag","embeddable":true,"href":"https:\/\/sakana-mank.eus\/es\/wp-json\/wp\/v2\/tags?post=41475"}],"curies":[{"name":"wp","href":"https:\/\/api.w.org\/{rel}","templated":true}]}}