{"id":41484,"date":"2026-09-03T11:43:38","date_gmt":"2026-09-03T09:43:38","guid":{"rendered":"https:\/\/sakana-mank.eus\/?p=41484"},"modified":"2026-09-03T11:44:29","modified_gmt":"2026-09-03T09:44:29","slug":"ergoienako-xx-bira-irailaren-19an-jokatuko-da-unanun","status":"publish","type":"post","link":"https:\/\/sakana-mank.eus\/es\/ergoienako-xx-bira-irailaren-19an-jokatuko-da-unanun\/","title":{"rendered":"La XX. Ergoienako Bira se celebrar\u00e1 el 19 de septiembre en Unanu"},"content":{"rendered":"<p><\/p>\n<p class=\"PDq2pG_selectionAnchorContainer\" data-start=\"923\" data-end=\"1130\">La XX. Ergoienako Bira se celebrar\u00e1 el s\u00e1bado 19 de septiembre en Unanu. La prueba, puntuable para la Copa de Sakana, contar\u00e1 con un recorrido de 8,5 kil\u00f3metros que atravesar\u00e1 varias localidades de Ergoiena.<\/p>\n<p data-start=\"1132\" data-end=\"1269\">La carrera comenzar\u00e1 a las 09:30 horas en Unanu y recorrer\u00e1 el siguiente itinerario: Unanu \u2013 Dorrao \u2013 Unanu \u2013 Lizarraga \u2013 Dorrao \u2013 Unanu.<\/p>\n<p data-start=\"1271\" data-end=\"1510\">La prueba est\u00e1 dirigida a personas mayores de 18 a\u00f1os. Las inscripciones deber\u00e1n realizarse a trav\u00e9s de la web Rock the Sport antes de las 13:00 horas del d\u00eda anterior a la carrera. La recogida de dorsales ser\u00e1 a partir de las 08:45 horas.<\/p>\n<p><a href=\"https:\/\/web.rockthesport.com\/es\/event\/ergoienako-bira\">https:\/\/web.rockthesport.com\/es\/event\/ergoienako-bira<\/a><\/p>\n<p data-start=\"1512\" data-end=\"1666\">Habr\u00e1 premios en las categor\u00edas femenina y masculina: katollo y comida para la primera persona clasificada, queso para la segunda y queso para la tercera.<\/p>\n<p data-start=\"1668\" data-end=\"1793\" data-is-last-node=\"\" data-is-only-node=\"\">La carrera est\u00e1 organizada por el Ayuntamiento de Ergoiena, con la colaboraci\u00f3n de los concejos de Lizarraga, Unanu y Dorrao.<\/p>\n<p><\/p>","protected":false},"excerpt":{"rendered":"<p>La XX. Ergoienako Bira se celebrar\u00e1 el s\u00e1bado 19 de septiembre en Unanu. La prueba, puntuable para la Copa de Sakana, contar\u00e1 con un recorrido de 8,5 kil\u00f3metros que atravesar\u00e1 varias localidades de Ergoiena. La carrera comenzar\u00e1 a las 09:30&hellip; <\/p>\n","protected":false},"author":189,"featured_media":41485,"comment_status":"closed","ping_status":"closed","sticky":false,"template":"","format":"standard","meta":{"_monsterinsights_skip_tracking":false,"_monsterinsights_sitenote_active":false,"_monsterinsights_sitenote_note":"","_monsterinsights_sitenote_category":0,"footnotes":""},"categories":[13,6,3,9],"tags":[],"class_list":["post-41484","post","type-post","status-publish","format-standard","has-post-thumbnail","hentry","category-agenda","category-albiste-guztiak","category-noticias_portada","category-albisteak-kirolak"],"yoast_head":"<!-- This site is optimized with the Yoast SEO plugin v26.8 - https:\/\/yoast.com\/product\/yoast-seo-wordpress\/ -->\r\n<title>La XX. Ergoienako Bira se celebrar\u00e1 el 19 de septiembre en Unanu - Sakanako Mankomunitatea<\/title>\r\n<meta name=\"robots\" content=\"index, follow, max-snippet:-1, max-image-preview:large, max-video-preview:-1\" \/>\r\n<link rel=\"canonical\" href=\"https:\/\/sakana-mank.eus\/es\/ergoienako-xx-bira-irailaren-19an-jokatuko-da-unanun\/\" \/>\r\n<meta property=\"og:locale\" content=\"es_ES\" \/>\r\n<meta property=\"og:type\" content=\"article\" \/>\r\n<meta property=\"og:title\" content=\"La XX. Ergoienako Bira se celebrar\u00e1 el 19 de septiembre en Unanu - Sakanako Mankomunitatea\" \/>\r\n<meta property=\"og:description\" content=\"La XX. Ergoienako Bira se celebrar\u00e1 el s\u00e1bado 19 de septiembre en Unanu. La prueba, puntuable para la Copa de Sakana, contar\u00e1 con un recorrido de 8,5 kil\u00f3metros que atravesar\u00e1 varias localidades de Ergoiena. La carrera comenzar\u00e1 a las 09:30&hellip;\" \/>\r\n<meta property=\"og:url\" content=\"https:\/\/sakana-mank.eus\/es\/ergoienako-xx-bira-irailaren-19an-jokatuko-da-unanun\/\" \/>\r\n<meta property=\"og:site_name\" content=\"Sakanako Mankomunitatea\" \/>\r\n<meta property=\"article:published_time\" content=\"2026-09-03T09:43:38+00:00\" \/>\r\n<meta property=\"article:modified_time\" content=\"2026-09-03T09:44:29+00:00\" \/>\r\n<meta property=\"og:image\" content=\"https:\/\/sakana-mank.eus\/wp-content\/uploads\/sites\/72\/2026\/09\/Sakanako-Bertso-Eskola.png\" \/>\r\n\t<meta property=\"og:image:width\" content=\"1527\" \/>\r\n\t<meta property=\"og:image:height\" content=\"690\" \/>\r\n\t<meta property=\"og:image:type\" content=\"image\/png\" \/>\r\n<meta name=\"author\" content=\"mankeinsausti\" \/>\r\n<meta name=\"twitter:card\" content=\"summary_large_image\" \/>\r\n<meta name=\"twitter:label1\" content=\"Escrito por\" \/>\n\t<meta name=\"twitter:data1\" content=\"mankeinsausti\" \/>\n\t<meta name=\"twitter:label2\" content=\"Tiempo de lectura\" \/>\n\t<meta name=\"twitter:data2\" content=\"1 minuto\" \/>\r\n<script type=\"application\/ld+json\" class=\"yoast-schema-graph\">{\"@context\":\"https:\/\/schema.org\",\"@graph\":[{\"@type\":\"Article\",\"@id\":\"https:\/\/sakana-mank.eus\/ergoienako-xx-bira-irailaren-19an-jokatuko-da-unanun\/#article\",\"isPartOf\":{\"@id\":\"https:\/\/sakana-mank.eus\/ergoienako-xx-bira-irailaren-19an-jokatuko-da-unanun\/\"},\"author\":{\"name\":\"mankeinsausti\",\"@id\":\"https:\/\/sakana-mank.eus\/#\/schema\/person\/7eddf194f821ee7a934c9dd923d76d34\"},\"headline\":\"La XX. Ergoienako Bira se celebrar\u00e1 el 19 de septiembre en Unanu\",\"datePublished\":\"2026-09-03T09:43:38+00:00\",\"dateModified\":\"2026-09-03T09:44:29+00:00\",\"mainEntityOfPage\":{\"@id\":\"https:\/\/sakana-mank.eus\/ergoienako-xx-bira-irailaren-19an-jokatuko-da-unanun\/\"},\"wordCount\":276,\"image\":{\"@id\":\"https:\/\/sakana-mank.eus\/ergoienako-xx-bira-irailaren-19an-jokatuko-da-unanun\/#primaryimage\"},\"thumbnailUrl\":\"https:\/\/sakana-mank.eus\/wp-content\/uploads\/sites\/72\/2026\/09\/Sakanako-Bertso-Eskola.png\",\"articleSection\":[\"Agenda\",\"Noticias\",\"Portada\",\"Deporte\"],\"inLanguage\":\"es\"},{\"@type\":\"WebPage\",\"@id\":\"https:\/\/sakana-mank.eus\/es\/ergoienako-xx-bira-irailaren-19an-jokatuko-da-unanun\/\",\"url\":\"https:\/\/sakana-mank.eus\/es\/ergoienako-xx-bira-irailaren-19an-jokatuko-da-unanun\/\",\"name\":\"La XX. Ergoienako Bira se celebrar\u00e1 el 19 de septiembre en Unanu - Sakanako Mankomunitatea\",\"isPartOf\":{\"@id\":\"https:\/\/sakana-mank.eus\/es\/#website\"},\"primaryImageOfPage\":{\"@id\":\"https:\/\/sakana-mank.eus\/es\/ergoienako-xx-bira-irailaren-19an-jokatuko-da-unanun\/#primaryimage\"},\"image\":{\"@id\":\"https:\/\/sakana-mank.eus\/ergoienako-xx-bira-irailaren-19an-jokatuko-da-unanun\/#primaryimage\"},\"thumbnailUrl\":\"https:\/\/sakana-mank.eus\/wp-content\/uploads\/sites\/72\/2026\/09\/Sakanako-Bertso-Eskola.png\",\"datePublished\":\"2026-09-03T09:43:38+00:00\",\"dateModified\":\"2026-09-03T09:44:29+00:00\",\"author\":{\"@id\":\"https:\/\/sakana-mank.eus\/#\/schema\/person\/7eddf194f821ee7a934c9dd923d76d34\"},\"breadcrumb\":{\"@id\":\"https:\/\/sakana-mank.eus\/es\/ergoienako-xx-bira-irailaren-19an-jokatuko-da-unanun\/#breadcrumb\"},\"inLanguage\":\"es\",\"potentialAction\":[{\"@type\":\"ReadAction\",\"target\":[[\"https:\/\/sakana-mank.eus\/es\/ergoienako-xx-bira-irailaren-19an-jokatuko-da-unanun\/\"]]}]},{\"@type\":\"ImageObject\",\"inLanguage\":\"es\",\"@id\":\"https:\/\/sakana-mank.eus\/es\/ergoienako-xx-bira-irailaren-19an-jokatuko-da-unanun\/#primaryimage\",\"url\":\"https:\/\/sakana-mank.eus\/wp-content\/uploads\/sites\/72\/2026\/09\/Sakanako-Bertso-Eskola.png\",\"contentUrl\":\"https:\/\/sakana-mank.eus\/wp-content\/uploads\/sites\/72\/2026\/09\/Sakanako-Bertso-Eskola.png\",\"width\":1527,\"height\":690},{\"@type\":\"BreadcrumbList\",\"@id\":\"https:\/\/sakana-mank.eus\/es\/ergoienako-xx-bira-irailaren-19an-jokatuko-da-unanun\/#breadcrumb\",\"itemListElement\":[{\"@type\":\"ListItem\",\"position\":1,\"name\":\"Portada\",\"item\":\"https:\/\/sakana-mank.eus\/es\/\"},{\"@type\":\"ListItem\",\"position\":2,\"name\":\"Ergoienako XX. Bira irailaren 19an jokatuko da Unanun\"}]},{\"@type\":\"WebSite\",\"@id\":\"https:\/\/sakana-mank.eus\/es\/#website\",\"url\":\"https:\/\/sakana-mank.eus\/es\/\",\"name\":\"Sakanako Mankomunitatea\",\"description\":\"Sakanako Mankomunitatea\",\"potentialAction\":[{\"@type\":\"SearchAction\",\"target\":{\"@type\":\"EntryPoint\",\"urlTemplate\":\"https:\/\/sakana-mank.eus\/es\/?s={search_term_string}\"},\"query-input\":{\"@type\":\"PropertyValueSpecification\",\"valueRequired\":true,\"valueName\":\"search_term_string\"}}],\"inLanguage\":\"es\"},{\"@type\":\"Person\",\"@id\":\"https:\/\/sakana-mank.eus\/#\/schema\/person\/7eddf194f821ee7a934c9dd923d76d34\",\"name\":\"mankeinsausti\",\"image\":{\"@type\":\"ImageObject\",\"inLanguage\":\"es\",\"@id\":\"https:\/\/sakana-mank.eus\/es\/#\/schema\/person\/image\/\",\"url\":\"https:\/\/secure.gravatar.com\/avatar\/88bd3cb69fc93c34dbebd02cb9088a25fa6cceab41b81b96cfbfe7c12d1ca4ab?s=96&d=mm&r=g\",\"contentUrl\":\"https:\/\/secure.gravatar.com\/avatar\/88bd3cb69fc93c34dbebd02cb9088a25fa6cceab41b81b96cfbfe7c12d1ca4ab?s=96&d=mm&r=g\",\"caption\":\"mankeinsausti\"},\"url\":\"https:\/\/sakana-mank.eus\/es\/author\/mankeinsausti\/\"}]}<\/script>\r\n<!-- \/ Yoast SEO plugin. -->","yoast_head_json":{"title":"La XX. Ergoienako Bira se celebrar\u00e1 el 19 de septiembre en Unanu - Sakanako Mankomunitatea","robots":{"index":"index","follow":"follow","max-snippet":"max-snippet:-1","max-image-preview":"max-image-preview:large","max-video-preview":"max-video-preview:-1"},"canonical":"https:\/\/sakana-mank.eus\/es\/ergoienako-xx-bira-irailaren-19an-jokatuko-da-unanun\/","og_locale":"es_ES","og_type":"article","og_title":"La XX. Ergoienako Bira se celebrar\u00e1 el 19 de septiembre en Unanu - Sakanako Mankomunitatea","og_description":"La XX. Ergoienako Bira se celebrar\u00e1 el s\u00e1bado 19 de septiembre en Unanu. La prueba, puntuable para la Copa de Sakana, contar\u00e1 con un recorrido de 8,5 kil\u00f3metros que atravesar\u00e1 varias localidades de Ergoiena. La carrera comenzar\u00e1 a las 09:30&hellip;","og_url":"https:\/\/sakana-mank.eus\/es\/ergoienako-xx-bira-irailaren-19an-jokatuko-da-unanun\/","og_site_name":"Sakanako Mankomunitatea","article_published_time":"2026-09-03T09:43:38+00:00","article_modified_time":"2026-09-03T09:44:29+00:00","og_image":[{"width":1527,"height":690,"url":"https:\/\/sakana-mank.eus\/wp-content\/uploads\/sites\/72\/2026\/09\/Sakanako-Bertso-Eskola.png","type":"image\/png"}],"author":"mankeinsausti","twitter_card":"summary_large_image","twitter_misc":{"Escrito por":"mankeinsausti","Tiempo de lectura":"1 minuto"},"schema":{"@context":"https:\/\/schema.org","@graph":[{"@type":"Article","@id":"https:\/\/sakana-mank.eus\/ergoienako-xx-bira-irailaren-19an-jokatuko-da-unanun\/#article","isPartOf":{"@id":"https:\/\/sakana-mank.eus\/ergoienako-xx-bira-irailaren-19an-jokatuko-da-unanun\/"},"author":{"name":"mankeinsausti","@id":"https:\/\/sakana-mank.eus\/#\/schema\/person\/7eddf194f821ee7a934c9dd923d76d34"},"headline":"La XX. Ergoienako Bira se celebrar\u00e1 el 19 de septiembre en Unanu","datePublished":"2026-09-03T09:43:38+00:00","dateModified":"2026-09-03T09:44:29+00:00","mainEntityOfPage":{"@id":"https:\/\/sakana-mank.eus\/ergoienako-xx-bira-irailaren-19an-jokatuko-da-unanun\/"},"wordCount":276,"image":{"@id":"https:\/\/sakana-mank.eus\/ergoienako-xx-bira-irailaren-19an-jokatuko-da-unanun\/#primaryimage"},"thumbnailUrl":"https:\/\/sakana-mank.eus\/wp-content\/uploads\/sites\/72\/2026\/09\/Sakanako-Bertso-Eskola.png","articleSection":["Agenda","Noticias","Portada","Deporte"],"inLanguage":"es"},{"@type":"WebPage","@id":"https:\/\/sakana-mank.eus\/es\/ergoienako-xx-bira-irailaren-19an-jokatuko-da-unanun\/","url":"https:\/\/sakana-mank.eus\/es\/ergoienako-xx-bira-irailaren-19an-jokatuko-da-unanun\/","name":"La XX. Ergoienako Bira se celebrar\u00e1 el 19 de septiembre en Unanu - Sakanako Mankomunitatea","isPartOf":{"@id":"https:\/\/sakana-mank.eus\/es\/#website"},"primaryImageOfPage":{"@id":"https:\/\/sakana-mank.eus\/es\/ergoienako-xx-bira-irailaren-19an-jokatuko-da-unanun\/#primaryimage"},"image":{"@id":"https:\/\/sakana-mank.eus\/ergoienako-xx-bira-irailaren-19an-jokatuko-da-unanun\/#primaryimage"},"thumbnailUrl":"https:\/\/sakana-mank.eus\/wp-content\/uploads\/sites\/72\/2026\/09\/Sakanako-Bertso-Eskola.png","datePublished":"2026-09-03T09:43:38+00:00","dateModified":"2026-09-03T09:44:29+00:00","author":{"@id":"https:\/\/sakana-mank.eus\/#\/schema\/person\/7eddf194f821ee7a934c9dd923d76d34"},"breadcrumb":{"@id":"https:\/\/sakana-mank.eus\/es\/ergoienako-xx-bira-irailaren-19an-jokatuko-da-unanun\/#breadcrumb"},"inLanguage":"es","potentialAction":[{"@type":"ReadAction","target":[["https:\/\/sakana-mank.eus\/es\/ergoienako-xx-bira-irailaren-19an-jokatuko-da-unanun\/"]]}]},{"@type":"ImageObject","inLanguage":"es","@id":"https:\/\/sakana-mank.eus\/es\/ergoienako-xx-bira-irailaren-19an-jokatuko-da-unanun\/#primaryimage","url":"https:\/\/sakana-mank.eus\/wp-content\/uploads\/sites\/72\/2026\/09\/Sakanako-Bertso-Eskola.png","contentUrl":"https:\/\/sakana-mank.eus\/wp-content\/uploads\/sites\/72\/2026\/09\/Sakanako-Bertso-Eskola.png","width":1527,"height":690},{"@type":"BreadcrumbList","@id":"https:\/\/sakana-mank.eus\/es\/ergoienako-xx-bira-irailaren-19an-jokatuko-da-unanun\/#breadcrumb","itemListElement":[{"@type":"ListItem","position":1,"name":"Portada","item":"https:\/\/sakana-mank.eus\/es\/"},{"@type":"ListItem","position":2,"name":"Ergoienako XX. Bira irailaren 19an jokatuko da Unanun"}]},{"@type":"WebSite","@id":"https:\/\/sakana-mank.eus\/es\/#website","url":"https:\/\/sakana-mank.eus\/es\/","name":"Sakanako Mankomunitatea","description":"Sakanako Mankomunitatea","potentialAction":[{"@type":"SearchAction","target":{"@type":"EntryPoint","urlTemplate":"https:\/\/sakana-mank.eus\/es\/?s={search_term_string}"},"query-input":{"@type":"PropertyValueSpecification","valueRequired":true,"valueName":"search_term_string"}}],"inLanguage":"es"},{"@type":"Person","@id":"https:\/\/sakana-mank.eus\/#\/schema\/person\/7eddf194f821ee7a934c9dd923d76d34","name":"mankeinsausti","image":{"@type":"ImageObject","inLanguage":"es","@id":"https:\/\/sakana-mank.eus\/es\/#\/schema\/person\/image\/","url":"https:\/\/secure.gravatar.com\/avatar\/88bd3cb69fc93c34dbebd02cb9088a25fa6cceab41b81b96cfbfe7c12d1ca4ab?s=96&d=mm&r=g","contentUrl":"https:\/\/secure.gravatar.com\/avatar\/88bd3cb69fc93c34dbebd02cb9088a25fa6cceab41b81b96cfbfe7c12d1ca4ab?s=96&d=mm&r=g","caption":"mankeinsausti"},"url":"https:\/\/sakana-mank.eus\/es\/author\/mankeinsausti\/"}]}},"_links":{"self":[{"href":"https:\/\/sakana-mank.eus\/es\/wp-json\/wp\/v2\/posts\/41484","targetHints":{"allow":["GET"]}}],"collection":[{"href":"https:\/\/sakana-mank.eus\/es\/wp-json\/wp\/v2\/posts"}],"about":[{"href":"https:\/\/sakana-mank.eus\/es\/wp-json\/wp\/v2\/types\/post"}],"author":[{"embeddable":true,"href":"https:\/\/sakana-mank.eus\/es\/wp-json\/wp\/v2\/users\/189"}],"replies":[{"embeddable":true,"href":"https:\/\/sakana-mank.eus\/es\/wp-json\/wp\/v2\/comments?post=41484"}],"version-history":[{"count":2,"href":"https:\/\/sakana-mank.eus\/es\/wp-json\/wp\/v2\/posts\/41484\/revisions"}],"predecessor-version":[{"id":41487,"href":"https:\/\/sakana-mank.eus\/es\/wp-json\/wp\/v2\/posts\/41484\/revisions\/41487"}],"wp:featuredmedia":[{"embeddable":true,"href":"https:\/\/sakana-mank.eus\/es\/wp-json\/wp\/v2\/media\/41485"}],"wp:attachment":[{"href":"https:\/\/sakana-mank.eus\/es\/wp-json\/wp\/v2\/media?parent=41484"}],"wp:term":[{"taxonomy":"category","embeddable":true,"href":"https:\/\/sakana-mank.eus\/es\/wp-json\/wp\/v2\/categories?post=41484"},{"taxonomy":"post_tag","embeddable":true,"href":"https:\/\/sakana-mank.eus\/es\/wp-json\/wp\/v2\/tags?post=41484"}],"curies":[{"name":"wp","href":"https:\/\/api.w.org\/{rel}","templated":true}]}}